{"id":5191,"date":"2024-02-13T11:43:02","date_gmt":"2024-02-13T09:43:02","guid":{"rendered":"https:\/\/www.qvadrat.fi\/?p=5191"},"modified":"2024-02-13T11:43:02","modified_gmt":"2024-02-13T09:43:02","slug":"saunan-ja-parvekkeen-arvo-etela-helsingin-asunnoissa","status":"publish","type":"post","link":"https:\/\/www.qvadrat.fi\/svenska\/saunan-ja-parvekkeen-arvo-etela-helsingin-asunnoissa\/","title":{"rendered":"Saunan ja parvekkeen arvo Etel\u00e4-Helsingin asunnoissa"},"content":{"rendered":"<p>Mik\u00e4 on parvekkeen ja saunan arvo asunnossa? Sain asiakkaaltani t\u00e4m\u00e4n erinomaisen kysymyksen, johon minulla ei ollut suoraa vastausta. Vastaukseen vaikuttaa kysymyksen kompleksisuus. Sille ei voi antaa yksiselitteist\u00e4 ja universaalisti p\u00e4tev\u00e4\u00e4 vastausta ilman ett\u00e4 kysymyst\u00e4 rajaa huomattavasti. Minua kuitenkin kiinnosti mit\u00e4 v\u00e4litt\u00e4jien hintadata kertoo asiasta alueella, jossa eniten koteja v\u00e4lit\u00e4n.<\/p>\n<p>&nbsp;<\/p>\n<p>Jotta kysymykseen on helpompi vastata, pit\u00e4\u00e4 kysymyst\u00e4 rajata tuntuvasti. M\u00e4\u00e4ritell\u00e4\u00e4n alueeksi postinumeroalueet 00100, 00120, 00130, 00140, 00150, 00160, 00170, 00260. Aluerajaus vastaa minun ja Qvadrat LKV:n ydinalueita ja asuntokanta on <em>melko<\/em> samanlaista kaikilla edell\u00e4 mainituilla postinumeroalueilla. Analysoidussa datassa on ainoastaan mukana vanhat (ei uudiskohteita) kerrostalokohteet, jotka seisovat omalla tontillaan. Ajallisesti analyysi rajoittuu viimeiseen 1000 kauppaan (12.7.2022-11.10.2023), josta hinta-, parveke- ja saunadataa on tarjolla.<\/p>\n<p>&nbsp;<\/p>\n<p>Lis\u00e4ksi keskiarvoja laskiessa on jokaisen sarjan 15 % ylint\u00e4 ja alinta arvoa poistettu, jotta poikkeavien hintojen vaikutus on saatu minimoitua.<\/p>\n<p>&nbsp;<\/p>\n<p><strong>Saunan arvo<\/strong><\/p>\n<p>Saunalliset asunnot myyv\u00e4t keskim\u00e4\u00e4rin 647 \u20ac\/m2 kalliimmalla verrattuna saunattomiin asuntoihin. T\u00e4m\u00e4 tarkoittaa ett\u00e4 50 neli\u00f6n asunnon saunan laskennallinen arvo on 32 350 euroa mik\u00e4li asuntoa vertaa vastaavaan asuntoon ilman saunaa.<\/p>\n<p>Tietoaineistosta l\u00f6ytyi yhteens\u00e4 128 saunallista asuntoa, 871 saunatonta asuntoa ja lopuista puuttui saunadata. Asuntoja, joihin ei saunadataa ollut merkitty on j\u00e4tetty pois analyysist\u00e4.<\/p>\n<p>&nbsp;<\/p>\n<p><strong>Parvekkeen arvo<\/strong><\/p>\n<p>Parvekkeelliset asunnot myyv\u00e4t keskim\u00e4\u00e4rin 646 \u20ac\/m2 kalliimmalla verrattuna asuntoihin, joissa ei ole parveketta. T\u00e4m\u00e4 tarkoittaa ett\u00e4 50 neli\u00f6n asunnon parvekkeen laskennallinen arvo on 32 300 euroa mik\u00e4li asuntoa vertaa vastaavaan asuntoon ilman parveketta.<\/p>\n<p>&nbsp;<\/p>\n<p>Tietoaineistosta l\u00f6ytyi yhteens\u00e4 235 parvekkeellista asuntoa, 671 parvekkeetonta ja lopuista puuttui parvekedata. Asuntoja, joihin ei parvekedataa ollut merkitty on j\u00e4tetty pois analyysist\u00e4.<\/p>\n<p>&nbsp;<\/p>\n<p><strong>Saunallisen ja parvekkeellisen asunnon arvo<\/strong><\/p>\n<p>Asunnot, joissa on sek\u00e4 sauna ett\u00e4 parveke, myyv\u00e4t keskim\u00e4\u00e4rin 943 \u20ac\/m2 kalliimmalla verrattuna asuntoihin ilman kumpaakaan. T\u00e4m\u00e4 tarkoittaa ett\u00e4 50 neli\u00f6n asunnon saunan ja parvekkeen yhteenlaskettu laskennallinen arvo on 47 150 euroa mik\u00e4li asuntoa vertaa vastaavaan asuntoon ilman saunaa ja parveketta.<\/p>\n<p>&nbsp;<\/p>\n<p>Tietoaineistosta l\u00f6ytyi yhteens\u00e4 66 asuntoa, joissa oli sek\u00e4 sauna ett\u00e4 parveke, 612 asunnossa ei ollut saunaa tai parveketta lainkaan. Asunnoissa, joissa on joko sauna tai parveke, tai data ei ollut saatavilla, on j\u00e4tetty pois vertailusta.<\/p>\n<p>&nbsp;<\/p>\n<p><strong>Yhteenveto<\/strong><\/p>\n<p>Vertailualueella saunan tai parvekkeen olemassaolo asunnossa on enemm\u00e4n poikkeus kuin s\u00e4\u00e4nt\u00f6. Tietokannan asunnoissa ainoastaan 12,8 % on sauna, 23,5 % on parveke ja ainoastaan 6,6 % on molemmat. Mik\u00e4li tietokannan aluerajausta avaisi olisi odotettavaa, ett\u00e4 saunan ja parvekkeen hintavaikutus tippuisi merkitt\u00e4v\u00e4sti koska keskusta-alueiden ulkopuolella on huomattavasti enemm\u00e4n saunallista ja parvekkeellista asuntokantaa.<\/p>\n<p>&nbsp;<\/p>\n<p>Oli my\u00f6s odotettavaa, ett\u00e4 saunan ja parvekkeen yhteisvaikutus ei ylitt\u00e4isi saunan tai parvekkeen yhteenlaskettua laskennallista arvoa. Data osoittaa kuitenkin yksiselitteisesti, ett\u00e4 ostajat arvottavat saunaa ja parveketta Etel\u00e4-Helsingiss\u00e4 valtavasti ko. piirteiden harvinaisuuden vuoksi.<\/p>\n<p>&nbsp;<\/p>\n<p>Kahden asunnon vertailua hankaloittaa my\u00f6s seikka, ett\u00e4 jokainen asunto on ainutlaatuinen ja hintaan vaikuttaa hyvin moni asia suorasti ja ep\u00e4suorasti.<\/p>\n<p>&nbsp;<\/p>","protected":false},"excerpt":{"rendered":"<p>Mik\u00e4 on parvekkeen ja saunan arvo asunnossa? Sain asiakkaaltani t\u00e4m\u00e4n erinomaisen kysymyksen, johon minulla ei ollut suoraa vastausta. Vastaukseen vaikuttaa kysymyksen kompleksisuus. Sille ei voi antaa yksiselitteist\u00e4 ja universaalisti p\u00e4tev\u00e4\u00e4 vastausta ilman ett\u00e4 kysymyst\u00e4 rajaa huomattavasti. Minua kuitenkin kiinnosti mit\u00e4 v\u00e4litt\u00e4jien hintadata kertoo asiasta alueella, jossa eniten koteja v\u00e4lit\u00e4n. &nbsp; Jotta kysymykseen on helpompi vastata, [&hellip;]<\/p>\n","protected":false},"author":4,"featured_media":5192,"comment_status":"open","ping_status":"open","sticky":false,"template":"","format":"standard","meta":{"footnotes":""},"categories":[17,20],"tags":[],"class_list":["post-5191","post","type-post","status-publish","format-standard","has-post-thumbnail","hentry","category-paakirjoitus","category-ukk"],"yoast_head":"<!-- This site is optimized with the Yoast SEO plugin v27.4 - https:\/\/yoast.com\/product\/yoast-seo-wordpress\/ -->\n<title>Saunan ja parvekkeen arvo Etel\u00e4-Helsingin asunnoissa - Qvadrat LKV<\/title>\n<meta name=\"description\" content=\"Mik\u00e4 on parvekkeen ja saunan arvo asunnossa? Sain asiakkaaltani t\u00e4m\u00e4n erinomaisen kysymyksen, johon minulla ei ollut suoraa vastausta. Vastaukseen\" \/>\n<meta name=\"robots\" content=\"index, follow, max-snippet:-1, max-image-preview:large, max-video-preview:-1\" \/>\n<link rel=\"canonical\" href=\"https:\/\/www.qvadrat.fi\/svenska\/saunan-ja-parvekkeen-arvo-etela-helsingin-asunnoissa\/\" \/>\n<meta property=\"og:locale\" content=\"sv_SE\" \/>\n<meta property=\"og:type\" content=\"article\" \/>\n<meta property=\"og:title\" content=\"Saunan ja parvekkeen arvo Etel\u00e4-Helsingin asunnoissa - Qvadrat LKV\" \/>\n<meta property=\"og:description\" content=\"Mik\u00e4 on parvekkeen ja saunan arvo asunnossa? Sain asiakkaaltani t\u00e4m\u00e4n erinomaisen kysymyksen, johon minulla ei ollut suoraa vastausta. Vastaukseen\" \/>\n<meta property=\"og:url\" content=\"https:\/\/www.qvadrat.fi\/svenska\/saunan-ja-parvekkeen-arvo-etela-helsingin-asunnoissa\/\" \/>\n<meta property=\"og:site_name\" content=\"Qvadrat LKV\" \/>\n<meta property=\"article:publisher\" content=\"https:\/\/www.facebook.com\/qvadratlkv\" \/>\n<meta property=\"article:published_time\" content=\"2024-02-13T09:43:02+00:00\" \/>\n<meta property=\"og:image\" content=\"https:\/\/www.qvadrat.fi\/wp-content\/uploads\/2024\/02\/Saunan-ja-parvekkeen-arvo-Etela-Helsingin-asunnoissa.jpg\" \/>\n\t<meta property=\"og:image:width\" content=\"1080\" \/>\n\t<meta property=\"og:image:height\" content=\"1080\" \/>\n\t<meta property=\"og:image:type\" content=\"image\/jpeg\" \/>\n<meta name=\"author\" content=\"Mathias Heinonen\" \/>\n<meta name=\"twitter:card\" content=\"summary_large_image\" \/>\n<meta name=\"twitter:label1\" content=\"Skriven av\" \/>\n\t<meta name=\"twitter:data1\" content=\"Mathias Heinonen\" \/>\n\t<meta name=\"twitter:label2\" content=\"Ber\u00e4knad l\u00e4stid\" \/>\n\t<meta name=\"twitter:data2\" content=\"3 minuter\" \/>\n<script type=\"application\/ld+json\" class=\"yoast-schema-graph\">{\"@context\":\"https:\\\/\\\/schema.org\",\"@graph\":[{\"@type\":\"Article\",\"@id\":\"https:\\\/\\\/www.qvadrat.fi\\\/saunan-ja-parvekkeen-arvo-etela-helsingin-asunnoissa\\\/#article\",\"isPartOf\":{\"@id\":\"https:\\\/\\\/www.qvadrat.fi\\\/saunan-ja-parvekkeen-arvo-etela-helsingin-asunnoissa\\\/\"},\"author\":{\"name\":\"Mathias Heinonen\",\"@id\":\"https:\\\/\\\/www.qvadrat.fi\\\/#\\\/schema\\\/person\\\/6ec4f2d68bd9921e135f2dd7f60abcc0\"},\"headline\":\"Saunan ja parvekkeen arvo Etel\u00e4-Helsingin asunnoissa\",\"datePublished\":\"2024-02-13T09:43:02+00:00\",\"mainEntityOfPage\":{\"@id\":\"https:\\\/\\\/www.qvadrat.fi\\\/saunan-ja-parvekkeen-arvo-etela-helsingin-asunnoissa\\\/\"},\"wordCount\":455,\"commentCount\":0,\"publisher\":{\"@id\":\"https:\\\/\\\/www.qvadrat.fi\\\/#organization\"},\"image\":{\"@id\":\"https:\\\/\\\/www.qvadrat.fi\\\/saunan-ja-parvekkeen-arvo-etela-helsingin-asunnoissa\\\/#primaryimage\"},\"thumbnailUrl\":\"https:\\\/\\\/www.qvadrat.fi\\\/wp-content\\\/uploads\\\/2024\\\/02\\\/Saunan-ja-parvekkeen-arvo-Etela-Helsingin-asunnoissa.jpg\",\"articleSection\":[\"P\u00e4\u00e4kirjoitus\",\"UKK\"],\"inLanguage\":\"sv-SE\",\"potentialAction\":[{\"@type\":\"CommentAction\",\"name\":\"Comment\",\"target\":[\"https:\\\/\\\/www.qvadrat.fi\\\/saunan-ja-parvekkeen-arvo-etela-helsingin-asunnoissa\\\/#respond\"]}]},{\"@type\":\"WebPage\",\"@id\":\"https:\\\/\\\/www.qvadrat.fi\\\/saunan-ja-parvekkeen-arvo-etela-helsingin-asunnoissa\\\/\",\"url\":\"https:\\\/\\\/www.qvadrat.fi\\\/saunan-ja-parvekkeen-arvo-etela-helsingin-asunnoissa\\\/\",\"name\":\"Saunan ja parvekkeen arvo Etel\u00e4-Helsingin asunnoissa - Qvadrat LKV\",\"isPartOf\":{\"@id\":\"https:\\\/\\\/www.qvadrat.fi\\\/#website\"},\"primaryImageOfPage\":{\"@id\":\"https:\\\/\\\/www.qvadrat.fi\\\/saunan-ja-parvekkeen-arvo-etela-helsingin-asunnoissa\\\/#primaryimage\"},\"image\":{\"@id\":\"https:\\\/\\\/www.qvadrat.fi\\\/saunan-ja-parvekkeen-arvo-etela-helsingin-asunnoissa\\\/#primaryimage\"},\"thumbnailUrl\":\"https:\\\/\\\/www.qvadrat.fi\\\/wp-content\\\/uploads\\\/2024\\\/02\\\/Saunan-ja-parvekkeen-arvo-Etela-Helsingin-asunnoissa.jpg\",\"datePublished\":\"2024-02-13T09:43:02+00:00\",\"description\":\"Mik\u00e4 on parvekkeen ja saunan arvo asunnossa? Sain asiakkaaltani t\u00e4m\u00e4n erinomaisen kysymyksen, johon minulla ei ollut suoraa vastausta. Vastaukseen\",\"breadcrumb\":{\"@id\":\"https:\\\/\\\/www.qvadrat.fi\\\/saunan-ja-parvekkeen-arvo-etela-helsingin-asunnoissa\\\/#breadcrumb\"},\"inLanguage\":\"sv-SE\",\"potentialAction\":[{\"@type\":\"ReadAction\",\"target\":[\"https:\\\/\\\/www.qvadrat.fi\\\/saunan-ja-parvekkeen-arvo-etela-helsingin-asunnoissa\\\/\"]}]},{\"@type\":\"ImageObject\",\"inLanguage\":\"sv-SE\",\"@id\":\"https:\\\/\\\/www.qvadrat.fi\\\/saunan-ja-parvekkeen-arvo-etela-helsingin-asunnoissa\\\/#primaryimage\",\"url\":\"https:\\\/\\\/www.qvadrat.fi\\\/wp-content\\\/uploads\\\/2024\\\/02\\\/Saunan-ja-parvekkeen-arvo-Etela-Helsingin-asunnoissa.jpg\",\"contentUrl\":\"https:\\\/\\\/www.qvadrat.fi\\\/wp-content\\\/uploads\\\/2024\\\/02\\\/Saunan-ja-parvekkeen-arvo-Etela-Helsingin-asunnoissa.jpg\",\"width\":1080,\"height\":1080},{\"@type\":\"BreadcrumbList\",\"@id\":\"https:\\\/\\\/www.qvadrat.fi\\\/saunan-ja-parvekkeen-arvo-etela-helsingin-asunnoissa\\\/#breadcrumb\",\"itemListElement\":[{\"@type\":\"ListItem\",\"position\":1,\"name\":\"Etusivu\",\"item\":\"https:\\\/\\\/www.qvadrat.fi\\\/\"},{\"@type\":\"ListItem\",\"position\":2,\"name\":\"Saunan ja parvekkeen arvo Etel\u00e4-Helsingin asunnoissa\"}]},{\"@type\":\"WebSite\",\"@id\":\"https:\\\/\\\/www.qvadrat.fi\\\/#website\",\"url\":\"https:\\\/\\\/www.qvadrat.fi\\\/\",\"name\":\"Qvadrat LKV\",\"description\":\"\",\"publisher\":{\"@id\":\"https:\\\/\\\/www.qvadrat.fi\\\/#organization\"},\"potentialAction\":[{\"@type\":\"SearchAction\",\"target\":{\"@type\":\"EntryPoint\",\"urlTemplate\":\"https:\\\/\\\/www.qvadrat.fi\\\/?s={search_term_string}\"},\"query-input\":{\"@type\":\"PropertyValueSpecification\",\"valueRequired\":true,\"valueName\":\"search_term_string\"}}],\"inLanguage\":\"sv-SE\"},{\"@type\":\"Organization\",\"@id\":\"https:\\\/\\\/www.qvadrat.fi\\\/#organization\",\"name\":\"Qvadrat LKV\",\"url\":\"https:\\\/\\\/www.qvadrat.fi\\\/\",\"logo\":{\"@type\":\"ImageObject\",\"inLanguage\":\"sv-SE\",\"@id\":\"https:\\\/\\\/www.qvadrat.fi\\\/#\\\/schema\\\/logo\\\/image\\\/\",\"url\":\"https:\\\/\\\/www.qvadrat.fi\\\/wp-content\\\/uploads\\\/2021\\\/10\\\/Qvadrat_Logo_Beige-e1634039562152.jpeg\",\"contentUrl\":\"https:\\\/\\\/www.qvadrat.fi\\\/wp-content\\\/uploads\\\/2021\\\/10\\\/Qvadrat_Logo_Beige-e1634039562152.jpeg\",\"width\":1000,\"height\":695,\"caption\":\"Qvadrat LKV\"},\"image\":{\"@id\":\"https:\\\/\\\/www.qvadrat.fi\\\/#\\\/schema\\\/logo\\\/image\\\/\"},\"sameAs\":[\"https:\\\/\\\/www.facebook.com\\\/qvadratlkv\",\"https:\\\/\\\/www.instagram.com\\\/qvadratlkv\\\/\",\"https:\\\/\\\/www.linkedin.com\\\/company\\\/oy-qvadrat-m2-lkv-ab\\\/about\\\/\"]},{\"@type\":\"Person\",\"@id\":\"https:\\\/\\\/www.qvadrat.fi\\\/#\\\/schema\\\/person\\\/6ec4f2d68bd9921e135f2dd7f60abcc0\",\"name\":\"Mathias Heinonen\",\"image\":{\"@type\":\"ImageObject\",\"inLanguage\":\"sv-SE\",\"@id\":\"https:\\\/\\\/secure.gravatar.com\\\/avatar\\\/f40a99a62fdc36be27ac6ebb6eccaefef2fc4d285551e39b717a3452bc231319?s=96&d=mm&r=g\",\"url\":\"https:\\\/\\\/secure.gravatar.com\\\/avatar\\\/f40a99a62fdc36be27ac6ebb6eccaefef2fc4d285551e39b717a3452bc231319?s=96&d=mm&r=g\",\"contentUrl\":\"https:\\\/\\\/secure.gravatar.com\\\/avatar\\\/f40a99a62fdc36be27ac6ebb6eccaefef2fc4d285551e39b717a3452bc231319?s=96&d=mm&r=g\",\"caption\":\"Mathias Heinonen\"},\"sameAs\":[\"https:\\\/\\\/www.instagram.com\\\/mathiasheinonen\\\/\"]}]}<\/script>\n<!-- \/ Yoast SEO plugin. -->","yoast_head_json":{"title":"Saunan ja parvekkeen arvo Etel\u00e4-Helsingin asunnoissa - Qvadrat LKV","description":"Mik\u00e4 on parvekkeen ja saunan arvo asunnossa? Sain asiakkaaltani t\u00e4m\u00e4n erinomaisen kysymyksen, johon minulla ei ollut suoraa vastausta. Vastaukseen","robots":{"index":"index","follow":"follow","max-snippet":"max-snippet:-1","max-image-preview":"max-image-preview:large","max-video-preview":"max-video-preview:-1"},"canonical":"https:\/\/www.qvadrat.fi\/svenska\/saunan-ja-parvekkeen-arvo-etela-helsingin-asunnoissa\/","og_locale":"sv_SE","og_type":"article","og_title":"Saunan ja parvekkeen arvo Etel\u00e4-Helsingin asunnoissa - Qvadrat LKV","og_description":"Mik\u00e4 on parvekkeen ja saunan arvo asunnossa? Sain asiakkaaltani t\u00e4m\u00e4n erinomaisen kysymyksen, johon minulla ei ollut suoraa vastausta. Vastaukseen","og_url":"https:\/\/www.qvadrat.fi\/svenska\/saunan-ja-parvekkeen-arvo-etela-helsingin-asunnoissa\/","og_site_name":"Qvadrat LKV","article_publisher":"https:\/\/www.facebook.com\/qvadratlkv","article_published_time":"2024-02-13T09:43:02+00:00","og_image":[{"width":1080,"height":1080,"url":"https:\/\/www.qvadrat.fi\/wp-content\/uploads\/2024\/02\/Saunan-ja-parvekkeen-arvo-Etela-Helsingin-asunnoissa.jpg","type":"image\/jpeg"}],"author":"Mathias Heinonen","twitter_card":"summary_large_image","twitter_misc":{"Skriven av":"Mathias Heinonen","Ber\u00e4knad l\u00e4stid":"3 minuter"},"schema":{"@context":"https:\/\/schema.org","@graph":[{"@type":"Article","@id":"https:\/\/www.qvadrat.fi\/saunan-ja-parvekkeen-arvo-etela-helsingin-asunnoissa\/#article","isPartOf":{"@id":"https:\/\/www.qvadrat.fi\/saunan-ja-parvekkeen-arvo-etela-helsingin-asunnoissa\/"},"author":{"name":"Mathias Heinonen","@id":"https:\/\/www.qvadrat.fi\/#\/schema\/person\/6ec4f2d68bd9921e135f2dd7f60abcc0"},"headline":"Saunan ja parvekkeen arvo Etel\u00e4-Helsingin asunnoissa","datePublished":"2024-02-13T09:43:02+00:00","mainEntityOfPage":{"@id":"https:\/\/www.qvadrat.fi\/saunan-ja-parvekkeen-arvo-etela-helsingin-asunnoissa\/"},"wordCount":455,"commentCount":0,"publisher":{"@id":"https:\/\/www.qvadrat.fi\/#organization"},"image":{"@id":"https:\/\/www.qvadrat.fi\/saunan-ja-parvekkeen-arvo-etela-helsingin-asunnoissa\/#primaryimage"},"thumbnailUrl":"https:\/\/www.qvadrat.fi\/wp-content\/uploads\/2024\/02\/Saunan-ja-parvekkeen-arvo-Etela-Helsingin-asunnoissa.jpg","articleSection":["P\u00e4\u00e4kirjoitus","UKK"],"inLanguage":"sv-SE","potentialAction":[{"@type":"CommentAction","name":"Comment","target":["https:\/\/www.qvadrat.fi\/saunan-ja-parvekkeen-arvo-etela-helsingin-asunnoissa\/#respond"]}]},{"@type":"WebPage","@id":"https:\/\/www.qvadrat.fi\/saunan-ja-parvekkeen-arvo-etela-helsingin-asunnoissa\/","url":"https:\/\/www.qvadrat.fi\/saunan-ja-parvekkeen-arvo-etela-helsingin-asunnoissa\/","name":"Saunan ja parvekkeen arvo Etel\u00e4-Helsingin asunnoissa - Qvadrat LKV","isPartOf":{"@id":"https:\/\/www.qvadrat.fi\/#website"},"primaryImageOfPage":{"@id":"https:\/\/www.qvadrat.fi\/saunan-ja-parvekkeen-arvo-etela-helsingin-asunnoissa\/#primaryimage"},"image":{"@id":"https:\/\/www.qvadrat.fi\/saunan-ja-parvekkeen-arvo-etela-helsingin-asunnoissa\/#primaryimage"},"thumbnailUrl":"https:\/\/www.qvadrat.fi\/wp-content\/uploads\/2024\/02\/Saunan-ja-parvekkeen-arvo-Etela-Helsingin-asunnoissa.jpg","datePublished":"2024-02-13T09:43:02+00:00","description":"Mik\u00e4 on parvekkeen ja saunan arvo asunnossa? Sain asiakkaaltani t\u00e4m\u00e4n erinomaisen kysymyksen, johon minulla ei ollut suoraa vastausta. Vastaukseen","breadcrumb":{"@id":"https:\/\/www.qvadrat.fi\/saunan-ja-parvekkeen-arvo-etela-helsingin-asunnoissa\/#breadcrumb"},"inLanguage":"sv-SE","potentialAction":[{"@type":"ReadAction","target":["https:\/\/www.qvadrat.fi\/saunan-ja-parvekkeen-arvo-etela-helsingin-asunnoissa\/"]}]},{"@type":"ImageObject","inLanguage":"sv-SE","@id":"https:\/\/www.qvadrat.fi\/saunan-ja-parvekkeen-arvo-etela-helsingin-asunnoissa\/#primaryimage","url":"https:\/\/www.qvadrat.fi\/wp-content\/uploads\/2024\/02\/Saunan-ja-parvekkeen-arvo-Etela-Helsingin-asunnoissa.jpg","contentUrl":"https:\/\/www.qvadrat.fi\/wp-content\/uploads\/2024\/02\/Saunan-ja-parvekkeen-arvo-Etela-Helsingin-asunnoissa.jpg","width":1080,"height":1080},{"@type":"BreadcrumbList","@id":"https:\/\/www.qvadrat.fi\/saunan-ja-parvekkeen-arvo-etela-helsingin-asunnoissa\/#breadcrumb","itemListElement":[{"@type":"ListItem","position":1,"name":"Etusivu","item":"https:\/\/www.qvadrat.fi\/"},{"@type":"ListItem","position":2,"name":"Saunan ja parvekkeen arvo Etel\u00e4-Helsingin asunnoissa"}]},{"@type":"WebSite","@id":"https:\/\/www.qvadrat.fi\/#website","url":"https:\/\/www.qvadrat.fi\/","name":"Qvadrat LKV","description":"","publisher":{"@id":"https:\/\/www.qvadrat.fi\/#organization"},"potentialAction":[{"@type":"SearchAction","target":{"@type":"EntryPoint","urlTemplate":"https:\/\/www.qvadrat.fi\/?s={search_term_string}"},"query-input":{"@type":"PropertyValueSpecification","valueRequired":true,"valueName":"search_term_string"}}],"inLanguage":"sv-SE"},{"@type":"Organization","@id":"https:\/\/www.qvadrat.fi\/#organization","name":"Qvadrat LKV","url":"https:\/\/www.qvadrat.fi\/","logo":{"@type":"ImageObject","inLanguage":"sv-SE","@id":"https:\/\/www.qvadrat.fi\/#\/schema\/logo\/image\/","url":"https:\/\/www.qvadrat.fi\/wp-content\/uploads\/2021\/10\/Qvadrat_Logo_Beige-e1634039562152.jpeg","contentUrl":"https:\/\/www.qvadrat.fi\/wp-content\/uploads\/2021\/10\/Qvadrat_Logo_Beige-e1634039562152.jpeg","width":1000,"height":695,"caption":"Qvadrat LKV"},"image":{"@id":"https:\/\/www.qvadrat.fi\/#\/schema\/logo\/image\/"},"sameAs":["https:\/\/www.facebook.com\/qvadratlkv","https:\/\/www.instagram.com\/qvadratlkv\/","https:\/\/www.linkedin.com\/company\/oy-qvadrat-m2-lkv-ab\/about\/"]},{"@type":"Person","@id":"https:\/\/www.qvadrat.fi\/#\/schema\/person\/6ec4f2d68bd9921e135f2dd7f60abcc0","name":"Mathias Heinonen","image":{"@type":"ImageObject","inLanguage":"sv-SE","@id":"https:\/\/secure.gravatar.com\/avatar\/f40a99a62fdc36be27ac6ebb6eccaefef2fc4d285551e39b717a3452bc231319?s=96&d=mm&r=g","url":"https:\/\/secure.gravatar.com\/avatar\/f40a99a62fdc36be27ac6ebb6eccaefef2fc4d285551e39b717a3452bc231319?s=96&d=mm&r=g","contentUrl":"https:\/\/secure.gravatar.com\/avatar\/f40a99a62fdc36be27ac6ebb6eccaefef2fc4d285551e39b717a3452bc231319?s=96&d=mm&r=g","caption":"Mathias Heinonen"},"sameAs":["https:\/\/www.instagram.com\/mathiasheinonen\/"]}]}},"_links":{"self":[{"href":"https:\/\/www.qvadrat.fi\/svenska\/wp-json\/wp\/v2\/posts\/5191","targetHints":{"allow":["GET"]}}],"collection":[{"href":"https:\/\/www.qvadrat.fi\/svenska\/wp-json\/wp\/v2\/posts"}],"about":[{"href":"https:\/\/www.qvadrat.fi\/svenska\/wp-json\/wp\/v2\/types\/post"}],"author":[{"embeddable":true,"href":"https:\/\/www.qvadrat.fi\/svenska\/wp-json\/wp\/v2\/users\/4"}],"replies":[{"embeddable":true,"href":"https:\/\/www.qvadrat.fi\/svenska\/wp-json\/wp\/v2\/comments?post=5191"}],"version-history":[{"count":1,"href":"https:\/\/www.qvadrat.fi\/svenska\/wp-json\/wp\/v2\/posts\/5191\/revisions"}],"predecessor-version":[{"id":5193,"href":"https:\/\/www.qvadrat.fi\/svenska\/wp-json\/wp\/v2\/posts\/5191\/revisions\/5193"}],"wp:featuredmedia":[{"embeddable":true,"href":"https:\/\/www.qvadrat.fi\/svenska\/wp-json\/wp\/v2\/media\/5192"}],"wp:attachment":[{"href":"https:\/\/www.qvadrat.fi\/svenska\/wp-json\/wp\/v2\/media?parent=5191"}],"wp:term":[{"taxonomy":"category","embeddable":true,"href":"https:\/\/www.qvadrat.fi\/svenska\/wp-json\/wp\/v2\/categories?post=5191"},{"taxonomy":"post_tag","embeddable":true,"href":"https:\/\/www.qvadrat.fi\/svenska\/wp-json\/wp\/v2\/tags?post=5191"}],"curies":[{"name":"wp","href":"https:\/\/api.w.org\/{rel}","templated":true}]}}